{"id":525,"date":"2026-03-12T07:00:00","date_gmt":"2026-03-12T07:00:00","guid":{"rendered":"https:\/\/www.callie.se\/blog\/?p=525"},"modified":"2026-03-12T03:20:45","modified_gmt":"2026-03-12T03:20:45","slug":"30-basta-mars-citat-for-att-njuta-av-din-tid","status":"publish","type":"post","link":"https:\/\/www.callie.se\/blog\/30-basta-mars-citat-for-att-njuta-av-din-tid\/","title":{"rendered":"30 b\u00e4sta mars-citat f\u00f6r att njuta av din tid"},"content":{"rendered":"\n<p>V\u00e4lkomna den nya m\u00e5naden med gl\u00e4dje och tacksamhet!<\/p>\n\n\n\n<p>Ah, ljudet av mars. Jag k\u00e4nner en k\u00e4nsla av hopp och l\u00e4mnar vinterns hand och kommer hem till v\u00e5ren.<\/p>\n\n\n\n<p>Denna m\u00e5nad ger \u00e5rets mest efterl\u00e4ngtade dagar &#8211; vinterns sista dag. Jag \u00e4r glad \u00f6ver det och idag ger jag dig mars-citat f\u00f6r att hj\u00e4lpa dig att komma i v\u00e5rt hum\u00f6r f\u00f6r v\u00e5ren ocks\u00e5.<\/p>\n\n\n\n<p>M\u00e5naden mars representerar ny tillv\u00e4xt och dess blomsymbol \u00e4r p\u00e5sklilja \u2013 som representerar f\u00f6rl\u00e5telse, tillit, \u00e4rlighet och sann k\u00e4rlek.<\/p>\n\n\n\n<p>Jag hoppas att i mars ska du ha mycket lycka i sm\u00e5 stunder och uppt\u00e4cka mer om dig sj\u00e4lv.<\/p>\n\n\n\n<p>Och, med det, h\u00e4r \u00e4r mars-citat f\u00f6r dig:<\/p>\n\n\n\n<div id=\"ez-toc-container\" class=\"ez-toc-v2_0_71 counter-hierarchy ez-toc-counter ez-toc-grey ez-toc-container-direction\">\n<div class=\"ez-toc-title-container\">\n<p class=\"ez-toc-title\" style=\"cursor:inherit\">Table of Contents<\/p>\n<span class=\"ez-toc-title-toggle\"><a href=\"#\" class=\"ez-toc-pull-right ez-toc-btn ez-toc-btn-xs ez-toc-btn-default ez-toc-toggle\" aria-label=\"Toggle Table of Content\"><span class=\"ez-toc-js-icon-con\"><span class=\"\"><span class=\"eztoc-hide\" style=\"display:none;\">Toggle<\/span><span class=\"ez-toc-icon-toggle-span\"><svg style=\"fill: #999;color:#999\" xmlns=\"http:\/\/www.w3.org\/2000\/svg\" class=\"list-377408\" width=\"20px\" height=\"20px\" viewBox=\"0 0 24 24\" fill=\"none\"><path d=\"M6 6H4v2h2V6zm14 0H8v2h12V6zM4 11h2v2H4v-2zm16 0H8v2h12v-2zM4 16h2v2H4v-2zm16 0H8v2h12v-2z\" fill=\"currentColor\"><\/path><\/svg><svg style=\"fill: #999;color:#999\" class=\"arrow-unsorted-368013\" xmlns=\"http:\/\/www.w3.org\/2000\/svg\" width=\"10px\" height=\"10px\" viewBox=\"0 0 24 24\" version=\"1.2\" baseProfile=\"tiny\"><path d=\"M18.2 9.3l-6.2-6.3-6.2 6.3c-.2.2-.3.4-.3.7s.1.5.3.7c.2.2.4.3.7.3h11c.3 0 .5-.1.7-.3.2-.2.3-.5.3-.7s-.1-.5-.3-.7zM5.8 14.7l6.2 6.3 6.2-6.3c.2-.2.3-.5.3-.7s-.1-.5-.3-.7c-.2-.2-.4-.3-.7-.3h-11c-.3 0-.5.1-.7.3-.2.2-.3.5-.3.7s.1.5.3.7z\"\/><\/svg><\/span><\/span><\/span><\/a><\/span><\/div>\n<nav><ul class='ez-toc-list ez-toc-list-level-1 ' ><li class='ez-toc-page-1 ez-toc-heading-level-2'><a class=\"ez-toc-link ez-toc-heading-1\" href=\"https:\/\/www.callie.se\/blog\/30-basta-mars-citat-for-att-njuta-av-din-tid\/#Mars-citat\" title=\"Mars-citat\">Mars-citat<\/a><\/li><li class='ez-toc-page-1 ez-toc-heading-level-2'><a class=\"ez-toc-link ez-toc-heading-2\" href=\"https:\/\/www.callie.se\/blog\/30-basta-mars-citat-for-att-njuta-av-din-tid\/#Valkomna_till_mars-citat\" title=\"V\u00e4lkomna till mars-citat\">V\u00e4lkomna till mars-citat<\/a><\/li><li class='ez-toc-page-1 ez-toc-heading-level-2'><a class=\"ez-toc-link ez-toc-heading-3\" href=\"https:\/\/www.callie.se\/blog\/30-basta-mars-citat-for-att-njuta-av-din-tid\/#Lyckliga_mars-citat\" title=\"Lyckliga mars-citat\">Lyckliga mars-citat<\/a><\/li><li class='ez-toc-page-1 ez-toc-heading-level-2'><a class=\"ez-toc-link ez-toc-heading-4\" href=\"https:\/\/www.callie.se\/blog\/30-basta-mars-citat-for-att-njuta-av-din-tid\/#Avslutning\" title=\"Avslutning\">Avslutning<\/a><\/li><\/ul><\/nav><\/div>\n<h2 class=\"wp-block-heading\" id=\"toc-29c140c4ebcbf255f2d7ea54b33c32e7\"><span class=\"ez-toc-section\" id=\"Mars-citat\"><\/span>Mars-citat<span class=\"ez-toc-section-end\"><\/span><\/h2>\n\n\n\n<ul>\n<li>&#8220;Mars rusar in p\u00e5 vindiga f\u00f6tter och sopar min d\u00f6rrtrappa och min gata.&#8221;<br>\u2014 Susan Reiner<\/li>\n\n\n\n<li>&#8220;Det var en av de marsdagarna d\u00e5 solen lyser varm och vinden bl\u00e5ser kall: n\u00e4r det \u00e4r sommar i ljuset och vinter i skuggan.&#8221;<br>\u2014 Charles Dickens<\/li>\n\n\n\n<li>&#8220;Mars, n\u00e4r dagarna blir l\u00e5nga, l\u00e5t dina v\u00e4xande timmar vara starka f\u00f6r att r\u00e4tta till n\u00e5gon vinterfelo.&#8221;<br>\u2014 Caroline May<\/li>\n\n\n\n<li>&#8220;Mars kom den vintern som den mildaste och sn\u00e4llaste av lamm, som gav dagar som var krispiga och gyllene och kittlande, varje f\u00f6ljt av en frostig rosa skymning som gradvis f\u00f6rlorade sig i en \u00e4lvland av m\u00e5nsken.&#8221;<br>\u2014 L.M. Montgomery<\/li>\n\n\n\n<li>&#8220;Mars \u00e4r en pojkflicka med rufsigt h\u00e5r, ett busigt leende, lera p\u00e5 hennes skor och ett skratt i hennes r\u00f6st.&#8221;<br>\u2014 Hal Borland<\/li>\n\n\n\n<li>&#8220;V\u00e5ren \u00e4r naturens s\u00e4tt att s\u00e4ga, &#8216;L\u00e5t oss festa!'&#8221;<br>\u2014 Robin Williams<\/li>\n\n\n\n<li>Fira mars genom att lyssna p\u00e5 dessa nya m\u00e5nads-affirmationer:<\/li>\n\n\n\n<li>&#8220;Du \u00e5terf\u00f6ds med rosorna, i varje v\u00e5r.&#8221;<br>\u2014 Juan Ram\u00f3n Jim\u00e9nez<\/li>\n\n\n\n<li>&#8220;V\u00e5rt liv \u00e4r marsv\u00e4der, vilt och fridfullt p\u00e5 en timme.&#8221;<br>\u2014 Ralph Waldo Emerson<\/li>\n<\/ul>\n\n\n\n<h2 class=\"wp-block-heading\"><span class=\"ez-toc-section\" id=\"Valkomna_till_mars-citat\"><\/span>V\u00e4lkomna till mars-citat<span class=\"ez-toc-section-end\"><\/span><\/h2>\n\n\n\n<ul>\n<li>&#8220;F\u00f6r att v\u00e4lkomna henne andas v\u00e5ren fram elysiska s\u00f6tsaker; Mars str\u00f6r jorden med violer och buketter.&#8221;<br>\u2014 Edmund Waller<\/li>\n\n\n\n<li>&#8220;Mars bringar vindar h\u00f6ga och skarpa, r\u00f6r den dansande p\u00e5skliljan.&#8221;<br>\u2014 Sara Coleridge<\/li>\n\n\n\n<li>&#8220;I mars h\u00e5ller vintern tillbaka och v\u00e5ren drar fram\u00e5t. N\u00e5got h\u00e5ller och n\u00e5got drar inuti oss ocks\u00e5.&#8221;<br>\u2014 Jean Hersey<\/li>\n\n\n\n<li>&#8220;Du \u00e4r vacker n\u00e4r du \u00e4r lycklig.&#8221;<br>\u2014 Oscar Wilde<\/li>\n\n\n\n<li>&#8220;Mars \u00e4r n\u00e4r vissa dagar \u00e4r vinter och vissa dagar \u00e4r v\u00e5r, men det \u00e4r inte en smidig \u00f6verg\u00e5ng fr\u00e5n b\u00f6rjan av m\u00e5naden till slutet. Bra att mina \u00e4lskar sammanfl\u00f6det av de tv\u00e5 \u00e5rstiderna.&#8221;<br>\u2014 Jarod Kintz<\/li>\n\n\n\n<li>&#8220;Jag \u00e4lskar mars eftersom det ger mig hopp om att nya b\u00f6rjan alltid \u00e4r vackra.&#8221;<br>\u2014 Anamika Mishra<\/li>\n\n\n\n<li>&#8220;Ett moln kommer \u00f6ver den solbelysta valven, en vind kommer fr\u00e5n en frusen topp, och du \u00e4r tv\u00e5 m\u00e5nader tillbaka i mitten av mars.&#8221;<br>\u2014 Robert Frost<\/li>\n\n\n\n<li>&#8220;Marsvindar och aprilregnar bringar majblommor.&#8221;<br>\u2014 Engelskt ordspr\u00e5k<\/li>\n<\/ul>\n\n\n\n<h2 class=\"wp-block-heading\"><span class=\"ez-toc-section\" id=\"Lyckliga_mars-citat\"><\/span>Lyckliga mars-citat<span class=\"ez-toc-section-end\"><\/span><\/h2>\n\n\n\n<ul>\n<li>&#8220;V\u00e5rtid \u00e4r landet som vaknar. Marsvindarna \u00e4r morgonens g\u00e4spning.&#8221;<br>\u2014 Lewis Grizzard<\/li>\n\n\n\n<li>&#8220;Mars \u00e4r m\u00e5naden av f\u00f6rv\u00e4ntan, de saker vi \u00e4nnu inte vet. Personerna av f\u00f6ruts\u00e4gelse kommer nu. Vi f\u00f6rs\u00f6ker simulera fasthet, men pomp\u00f6s gl\u00e4dje f\u00f6rr\u00e5der oss, som hans f\u00f6rsta f\u00f6rlovning f\u00f6rr\u00e5der en pojke.&#8221;<br>\u2014 Emily Dickinson<\/li>\n\n\n\n<li>&#8220;I mars fortsatte de mjuka regnen, och varje storm v\u00e4ntade artigt tills dess f\u00f6reg\u00e5ngare sj\u00f6nk ner i jorden.&#8221;<br>\u2014 John Steinbeck<\/li>\n\n\n\n<li>&#8220;P\u00e5skliljor, som kommer innan svalan v\u00e5gar, och tar marsvindarna med sk\u00f6nhet.&#8221;<br>\u2014 William Shakespeare<\/li>\n\n\n\n<li>&#8220;Det \u00e4r problemet med mars \u2013 v\u00e4rmen varar aldrig. Det finns den smala stunden n\u00e4r den paraderar som v\u00e5r, precis tillr\u00e4ckligt f\u00f6r att du ska tina om du sitter i solen, men sedan \u00e4r den borta.&#8221;<br>\u2014 V. E. Schwab<\/li>\n\n\n\n<li>&#8220;Endast de med uth\u00e5llighet kan marschera fram\u00e5t i mars.&#8221;<br>\u2014 Ernest Agyemang Yeboah<\/li>\n\n\n\n<li>&#8220;Blommor och f\u00e4rger \u00f6verallt, jag \u00e4r s\u00e5 glad att mars \u00e4r h\u00e4r.&#8221;<br>\u2014 Anamika Mishra<\/li>\n\n\n\n<li>&#8220;Trots mars vindiga rykte bl\u00e5ser vintern inte riktigt bort; den tv\u00e4ttas bort. Den rinner ner f\u00f6r kullarna, virvlar genom dalarna och rinner ut i havet. Precis som s\u00e5 m\u00e5nga av jordens element \u00e4r vintern sj\u00e4lv l\u00f6slig i vatten&#8230;&#8221;<br>\u2014 The New York Times<\/li>\n\n\n\n<li>&#8220;Mars var en of\u00f6ruts\u00e4gbar m\u00e5nad, n\u00e4r det aldrig var klart vad som kunde h\u00e4nda. Varma dagar v\u00e4ckte hopp tills is och gr\u00e5 himlar st\u00e4ngde sig \u00f6ver staden igen.&#8221;<br>\u2014 Tracy Chevalier<\/li>\n\n\n\n<li>&#8220;Till mars skulle det v\u00e4rsta av vintern vara \u00f6ver. Sn\u00f6n skulle tina, floderna b\u00f6rja rinna och v\u00e4rlden skulle vakna till liv igen.&#8221;<br>\u2014 Neil Gaiman<\/li>\n\n\n\n<li>&#8220;Mars kommer in med en orms huvud och g\u00e5r ut med en p\u00e5f\u00e5gels svans.&#8221;<br>\u2014 Richard Lawson Gales<\/li>\n\n\n\n<li>&#8220;Den stormiga mars har \u00e4ntligen kommit, med vindar och moln och f\u00f6r\u00e4nderliga himlar; jag h\u00f6r bruset av vinden som flyger genom den sn\u00f6iga dalen.&#8221;<br>\u2014 William C. Bryant<\/li>\n\n\n\n<li>&#8220;En jul l\u00e4t min far v\u00e5rt jultr\u00e4d st\u00e5 kvar \u00e4nda till mars. Han hatade att se det f\u00f6rsvinna. Jag \u00e4lskade det.&#8221;<br>\u2014 Mo Rocca<\/li>\n\n\n\n<li>&#8220;Detta \u00e4r mars parfym: regn, jord, fj\u00e4drar, mynta.&#8221;<br>\u2014 Lisa Kleypas<\/li>\n<\/ul>\n\n\n\n<h2 class=\"wp-block-heading\"><span class=\"ez-toc-section\" id=\"Avslutning\"><\/span>Avslutning<span class=\"ez-toc-section-end\"><\/span><\/h2>\n\n\n\n<p>Mars \u00e4r en m\u00e5nad av f\u00f6r\u00e4ndring, hopp och nya b\u00f6rjan. N\u00e4r vintern l\u00e5ngsamt sl\u00e4pper sitt grepp och v\u00e5ren b\u00f6rjar visa sig, p\u00e5minner dessa citat oss om sk\u00f6nheten i \u00f6verg\u00e5ngen mellan \u00e5rstiderna.<\/p>\n\n\n\n<p>Jag hoppas att dessa mars-citat ger dig lite extra inspiration, gl\u00e4dje och kanske ett leende under de f\u00f6rsta v\u00e5rdagarna.<\/p>\n\n\n\n<p>Ta ett djupt andetag av den friska marsluften och njut av allt det nya som v\u00e4ntar. \ud83c\udf31<\/p>\n","protected":false},"excerpt":{"rendered":"<p>V\u00e4lkomna den nya m\u00e5naden med gl\u00e4dje och tacksamhet! Ah, ljudet av mars. Jag k\u00e4nner en k\u00e4nsla av hopp och l\u00e4mnar vinterns hand och kommer hem till v\u00e5ren. Denna m\u00e5nad ger \u00e5rets mest efterl\u00e4ngtade dagar &#8211; vinterns sista dag. Jag \u00e4r glad \u00f6ver det och idag ger jag dig mars-citat f\u00f6r att hj\u00e4lpa dig att komma [&hellip;]<\/p>\n","protected":false},"author":4,"featured_media":526,"comment_status":"open","ping_status":"open","sticky":false,"template":"","format":"standard","meta":{"footnotes":""},"categories":[401],"tags":[458,457],"yoast_head":"<!-- This site is optimized with the Yoast SEO plugin v22.7 - https:\/\/yoast.com\/wordpress\/plugins\/seo\/ -->\n<title>30 b\u00e4sta mars-citat f\u00f6r att njuta av din tid - Dela presentid\u00e9er f\u00f6r att underl\u00e4tta din presentink\u00f6p<\/title>\n<meta name=\"description\" content=\"Uppt\u00e4ck 30 inspirerande mars-citat om v\u00e5r, hopp och nya b\u00f6rjan. Perfekta citat f\u00f6r att v\u00e4lkomna mars och njuta av den f\u00f6rsta k\u00e4nslan av v\u00e5ren.\" \/>\n<meta name=\"robots\" content=\"index, follow, max-snippet:-1, max-image-preview:large, max-video-preview:-1\" \/>\n<link rel=\"canonical\" href=\"https:\/\/www.callie.se\/blog\/30-basta-mars-citat-for-att-njuta-av-din-tid\/\" \/>\n<meta property=\"og:locale\" content=\"en_US\" \/>\n<meta property=\"og:type\" content=\"article\" \/>\n<meta property=\"og:title\" content=\"30 b\u00e4sta mars-citat f\u00f6r att njuta av din tid - Dela presentid\u00e9er f\u00f6r att underl\u00e4tta din presentink\u00f6p\" \/>\n<meta property=\"og:description\" content=\"Uppt\u00e4ck 30 inspirerande mars-citat om v\u00e5r, hopp och nya b\u00f6rjan. Perfekta citat f\u00f6r att v\u00e4lkomna mars och njuta av den f\u00f6rsta k\u00e4nslan av v\u00e5ren.\" \/>\n<meta property=\"og:url\" content=\"https:\/\/www.callie.se\/blog\/30-basta-mars-citat-for-att-njuta-av-din-tid\/\" \/>\n<meta property=\"og:site_name\" content=\"Dela presentid\u00e9er f\u00f6r att underl\u00e4tta din presentink\u00f6p\" \/>\n<meta property=\"article:published_time\" content=\"2026-03-12T07:00:00+00:00\" \/>\n<meta property=\"article:modified_time\" content=\"2026-03-12T03:20:45+00:00\" \/>\n<meta property=\"og:image\" content=\"https:\/\/www.callie.se\/blog\/wp-content\/uploads\/2026\/03\/catrin-ellis-2Klve6AiP9A-unsplash-scaled.jpg\" \/>\n\t<meta property=\"og:image:width\" content=\"2560\" \/>\n\t<meta property=\"og:image:height\" content=\"1707\" \/>\n\t<meta property=\"og:image:type\" content=\"image\/jpeg\" \/>\n<meta name=\"author\" content=\"Cici\" \/>\n<meta name=\"twitter:card\" content=\"summary_large_image\" \/>\n<meta name=\"twitter:label1\" content=\"Written by\" \/>\n\t<meta name=\"twitter:data1\" content=\"Cici\" \/>\n\t<meta name=\"twitter:label2\" content=\"Est. reading time\" \/>\n\t<meta name=\"twitter:data2\" content=\"4 minutes\" \/>\n<script type=\"application\/ld+json\" class=\"yoast-schema-graph\">{\"@context\":\"https:\/\/schema.org\",\"@graph\":[{\"@type\":\"WebPage\",\"@id\":\"https:\/\/www.callie.se\/blog\/30-basta-mars-citat-for-att-njuta-av-din-tid\/\",\"url\":\"https:\/\/www.callie.se\/blog\/30-basta-mars-citat-for-att-njuta-av-din-tid\/\",\"name\":\"30 b\u00e4sta mars-citat f\u00f6r att njuta av din tid - Dela presentid\u00e9er f\u00f6r att underl\u00e4tta din presentink\u00f6p\",\"isPartOf\":{\"@id\":\"https:\/\/www.callie.se\/blog\/#website\"},\"primaryImageOfPage\":{\"@id\":\"https:\/\/www.callie.se\/blog\/30-basta-mars-citat-for-att-njuta-av-din-tid\/#primaryimage\"},\"image\":{\"@id\":\"https:\/\/www.callie.se\/blog\/30-basta-mars-citat-for-att-njuta-av-din-tid\/#primaryimage\"},\"thumbnailUrl\":\"https:\/\/www.callie.se\/blog\/wp-content\/uploads\/2026\/03\/catrin-ellis-2Klve6AiP9A-unsplash-scaled.jpg\",\"datePublished\":\"2026-03-12T07:00:00+00:00\",\"dateModified\":\"2026-03-12T03:20:45+00:00\",\"author\":{\"@id\":\"https:\/\/www.callie.se\/blog\/#\/schema\/person\/bf2917719cc46400dfb5a85ee21b9098\"},\"description\":\"Uppt\u00e4ck 30 inspirerande mars-citat om v\u00e5r, hopp och nya b\u00f6rjan. Perfekta citat f\u00f6r att v\u00e4lkomna mars och njuta av den f\u00f6rsta k\u00e4nslan av v\u00e5ren.\",\"breadcrumb\":{\"@id\":\"https:\/\/www.callie.se\/blog\/30-basta-mars-citat-for-att-njuta-av-din-tid\/#breadcrumb\"},\"inLanguage\":\"en-US\",\"potentialAction\":[{\"@type\":\"ReadAction\",\"target\":[\"https:\/\/www.callie.se\/blog\/30-basta-mars-citat-for-att-njuta-av-din-tid\/\"]}]},{\"@type\":\"ImageObject\",\"inLanguage\":\"en-US\",\"@id\":\"https:\/\/www.callie.se\/blog\/30-basta-mars-citat-for-att-njuta-av-din-tid\/#primaryimage\",\"url\":\"https:\/\/www.callie.se\/blog\/wp-content\/uploads\/2026\/03\/catrin-ellis-2Klve6AiP9A-unsplash-scaled.jpg\",\"contentUrl\":\"https:\/\/www.callie.se\/blog\/wp-content\/uploads\/2026\/03\/catrin-ellis-2Klve6AiP9A-unsplash-scaled.jpg\",\"width\":2560,\"height\":1707},{\"@type\":\"BreadcrumbList\",\"@id\":\"https:\/\/www.callie.se\/blog\/30-basta-mars-citat-for-att-njuta-av-din-tid\/#breadcrumb\",\"itemListElement\":[{\"@type\":\"ListItem\",\"position\":1,\"name\":\"Home\",\"item\":\"https:\/\/www.callie.se\/blog\/\"},{\"@type\":\"ListItem\",\"position\":2,\"name\":\"30 b\u00e4sta mars-citat f\u00f6r att njuta av din tid\"}]},{\"@type\":\"WebSite\",\"@id\":\"https:\/\/www.callie.se\/blog\/#website\",\"url\":\"https:\/\/www.callie.se\/blog\/\",\"name\":\"Dela presentid\u00e9er f\u00f6r att underl\u00e4tta din presentink\u00f6p\",\"description\":\"\",\"potentialAction\":[{\"@type\":\"SearchAction\",\"target\":{\"@type\":\"EntryPoint\",\"urlTemplate\":\"https:\/\/www.callie.se\/blog\/?s={search_term_string}\"},\"query-input\":\"required name=search_term_string\"}],\"inLanguage\":\"en-US\"},{\"@type\":\"Person\",\"@id\":\"https:\/\/www.callie.se\/blog\/#\/schema\/person\/bf2917719cc46400dfb5a85ee21b9098\",\"name\":\"Cici\",\"image\":{\"@type\":\"ImageObject\",\"inLanguage\":\"en-US\",\"@id\":\"https:\/\/www.callie.se\/blog\/#\/schema\/person\/image\/\",\"url\":\"https:\/\/secure.gravatar.com\/avatar\/09600e0fdbe1cc28e6c48a7ab8e3ff87?s=96&d=mm&r=g\",\"contentUrl\":\"https:\/\/secure.gravatar.com\/avatar\/09600e0fdbe1cc28e6c48a7ab8e3ff87?s=96&d=mm&r=g\",\"caption\":\"Cici\"},\"url\":\"https:\/\/www.callie.se\/blog\/author\/cici\/\"}]}<\/script>\n<!-- \/ Yoast SEO plugin. -->","yoast_head_json":{"title":"30 b\u00e4sta mars-citat f\u00f6r att njuta av din tid - Dela presentid\u00e9er f\u00f6r att underl\u00e4tta din presentink\u00f6p","description":"Uppt\u00e4ck 30 inspirerande mars-citat om v\u00e5r, hopp och nya b\u00f6rjan. Perfekta citat f\u00f6r att v\u00e4lkomna mars och njuta av den f\u00f6rsta k\u00e4nslan av v\u00e5ren.","robots":{"index":"index","follow":"follow","max-snippet":"max-snippet:-1","max-image-preview":"max-image-preview:large","max-video-preview":"max-video-preview:-1"},"canonical":"https:\/\/www.callie.se\/blog\/30-basta-mars-citat-for-att-njuta-av-din-tid\/","og_locale":"en_US","og_type":"article","og_title":"30 b\u00e4sta mars-citat f\u00f6r att njuta av din tid - Dela presentid\u00e9er f\u00f6r att underl\u00e4tta din presentink\u00f6p","og_description":"Uppt\u00e4ck 30 inspirerande mars-citat om v\u00e5r, hopp och nya b\u00f6rjan. Perfekta citat f\u00f6r att v\u00e4lkomna mars och njuta av den f\u00f6rsta k\u00e4nslan av v\u00e5ren.","og_url":"https:\/\/www.callie.se\/blog\/30-basta-mars-citat-for-att-njuta-av-din-tid\/","og_site_name":"Dela presentid\u00e9er f\u00f6r att underl\u00e4tta din presentink\u00f6p","article_published_time":"2026-03-12T07:00:00+00:00","article_modified_time":"2026-03-12T03:20:45+00:00","og_image":[{"width":2560,"height":1707,"url":"https:\/\/www.callie.se\/blog\/wp-content\/uploads\/2026\/03\/catrin-ellis-2Klve6AiP9A-unsplash-scaled.jpg","type":"image\/jpeg"}],"author":"Cici","twitter_card":"summary_large_image","twitter_misc":{"Written by":"Cici","Est. reading time":"4 minutes"},"schema":{"@context":"https:\/\/schema.org","@graph":[{"@type":"WebPage","@id":"https:\/\/www.callie.se\/blog\/30-basta-mars-citat-for-att-njuta-av-din-tid\/","url":"https:\/\/www.callie.se\/blog\/30-basta-mars-citat-for-att-njuta-av-din-tid\/","name":"30 b\u00e4sta mars-citat f\u00f6r att njuta av din tid - Dela presentid\u00e9er f\u00f6r att underl\u00e4tta din presentink\u00f6p","isPartOf":{"@id":"https:\/\/www.callie.se\/blog\/#website"},"primaryImageOfPage":{"@id":"https:\/\/www.callie.se\/blog\/30-basta-mars-citat-for-att-njuta-av-din-tid\/#primaryimage"},"image":{"@id":"https:\/\/www.callie.se\/blog\/30-basta-mars-citat-for-att-njuta-av-din-tid\/#primaryimage"},"thumbnailUrl":"https:\/\/www.callie.se\/blog\/wp-content\/uploads\/2026\/03\/catrin-ellis-2Klve6AiP9A-unsplash-scaled.jpg","datePublished":"2026-03-12T07:00:00+00:00","dateModified":"2026-03-12T03:20:45+00:00","author":{"@id":"https:\/\/www.callie.se\/blog\/#\/schema\/person\/bf2917719cc46400dfb5a85ee21b9098"},"description":"Uppt\u00e4ck 30 inspirerande mars-citat om v\u00e5r, hopp och nya b\u00f6rjan. Perfekta citat f\u00f6r att v\u00e4lkomna mars och njuta av den f\u00f6rsta k\u00e4nslan av v\u00e5ren.","breadcrumb":{"@id":"https:\/\/www.callie.se\/blog\/30-basta-mars-citat-for-att-njuta-av-din-tid\/#breadcrumb"},"inLanguage":"en-US","potentialAction":[{"@type":"ReadAction","target":["https:\/\/www.callie.se\/blog\/30-basta-mars-citat-for-att-njuta-av-din-tid\/"]}]},{"@type":"ImageObject","inLanguage":"en-US","@id":"https:\/\/www.callie.se\/blog\/30-basta-mars-citat-for-att-njuta-av-din-tid\/#primaryimage","url":"https:\/\/www.callie.se\/blog\/wp-content\/uploads\/2026\/03\/catrin-ellis-2Klve6AiP9A-unsplash-scaled.jpg","contentUrl":"https:\/\/www.callie.se\/blog\/wp-content\/uploads\/2026\/03\/catrin-ellis-2Klve6AiP9A-unsplash-scaled.jpg","width":2560,"height":1707},{"@type":"BreadcrumbList","@id":"https:\/\/www.callie.se\/blog\/30-basta-mars-citat-for-att-njuta-av-din-tid\/#breadcrumb","itemListElement":[{"@type":"ListItem","position":1,"name":"Home","item":"https:\/\/www.callie.se\/blog\/"},{"@type":"ListItem","position":2,"name":"30 b\u00e4sta mars-citat f\u00f6r att njuta av din tid"}]},{"@type":"WebSite","@id":"https:\/\/www.callie.se\/blog\/#website","url":"https:\/\/www.callie.se\/blog\/","name":"Dela presentid\u00e9er f\u00f6r att underl\u00e4tta din presentink\u00f6p","description":"","potentialAction":[{"@type":"SearchAction","target":{"@type":"EntryPoint","urlTemplate":"https:\/\/www.callie.se\/blog\/?s={search_term_string}"},"query-input":"required name=search_term_string"}],"inLanguage":"en-US"},{"@type":"Person","@id":"https:\/\/www.callie.se\/blog\/#\/schema\/person\/bf2917719cc46400dfb5a85ee21b9098","name":"Cici","image":{"@type":"ImageObject","inLanguage":"en-US","@id":"https:\/\/www.callie.se\/blog\/#\/schema\/person\/image\/","url":"https:\/\/secure.gravatar.com\/avatar\/09600e0fdbe1cc28e6c48a7ab8e3ff87?s=96&d=mm&r=g","contentUrl":"https:\/\/secure.gravatar.com\/avatar\/09600e0fdbe1cc28e6c48a7ab8e3ff87?s=96&d=mm&r=g","caption":"Cici"},"url":"https:\/\/www.callie.se\/blog\/author\/cici\/"}]}},"_links":{"self":[{"href":"https:\/\/www.callie.se\/blog\/wp-json\/wp\/v2\/posts\/525"}],"collection":[{"href":"https:\/\/www.callie.se\/blog\/wp-json\/wp\/v2\/posts"}],"about":[{"href":"https:\/\/www.callie.se\/blog\/wp-json\/wp\/v2\/types\/post"}],"author":[{"embeddable":true,"href":"https:\/\/www.callie.se\/blog\/wp-json\/wp\/v2\/users\/4"}],"replies":[{"embeddable":true,"href":"https:\/\/www.callie.se\/blog\/wp-json\/wp\/v2\/comments?post=525"}],"version-history":[{"count":1,"href":"https:\/\/www.callie.se\/blog\/wp-json\/wp\/v2\/posts\/525\/revisions"}],"predecessor-version":[{"id":527,"href":"https:\/\/www.callie.se\/blog\/wp-json\/wp\/v2\/posts\/525\/revisions\/527"}],"wp:featuredmedia":[{"embeddable":true,"href":"https:\/\/www.callie.se\/blog\/wp-json\/wp\/v2\/media\/526"}],"wp:attachment":[{"href":"https:\/\/www.callie.se\/blog\/wp-json\/wp\/v2\/media?parent=525"}],"wp:term":[{"taxonomy":"category","embeddable":true,"href":"https:\/\/www.callie.se\/blog\/wp-json\/wp\/v2\/categories?post=525"},{"taxonomy":"post_tag","embeddable":true,"href":"https:\/\/www.callie.se\/blog\/wp-json\/wp\/v2\/tags?post=525"}],"curies":[{"name":"wp","href":"https:\/\/api.w.org\/{rel}","templated":true}]}}